{"id":87,"date":"2020-03-17T19:54:18","date_gmt":"2020-03-17T19:54:18","guid":{"rendered":"http:\/\/www.pracownialogistyka.pl\/?p=87"},"modified":"2026-03-09T10:40:21","modified_gmt":"2026-03-09T10:40:21","slug":"oferta-handlowa-na-fracht","status":"publish","type":"post","link":"https:\/\/www.pracownialogistyka.pl\/index.php\/2020\/03\/17\/oferta-handlowa-na-fracht\/","title":{"rendered":"Oferta handlowa na fracht"},"content":{"rendered":"\n<div class=\"wp-block-group\"><div class=\"wp-block-group__inner-container is-layout-flow wp-block-group-is-layout-flow\">\n<p class=\"has-drop-cap has-text-align-left\">Ka\u017cdy z nas przynajmniej raz w \u017cyciu widzia\u0142 na w\u0142asne oczy ofert\u0119 handlow\u0105. Nie b\u0119d\u0119 t\u0142umaczy\u0107 czym jest taki dokument.<\/p>\n<\/div><\/div>\n\n\n\n<p>Chcia\u0142am natomiast skupi\u0107 si\u0119 na <em>ofercie handlowej w transporcie morskim<\/em>. <\/p>\n\n\n\n<p>W swojej pracy zajmuj\u0119 si\u0119 organizowaniem transport\u00f3w\nmorskich g\u0142\u00f3wnie z Chin do Polski. Zanim zlec\u0119 taki transport, wcze\u015bniej robi\u0119\ntzw. konkurs ofert. Wysy\u0142am zapytania do firm spedycyjnych, nie trzeba ich\nszuka\u0107, zg\u0142aszaj\u0105 si\u0119 sami w poszukiwaniu klient\u00f3w, gromadz\u0119 sobie takie\nkontakty na potrzeby wycen.<\/p>\n\n\n\n<p>Mam kilka sprawdzonych kontakt\u00f3w, mam te\u017c \u015bwie\u017ce propozycje\nwsp\u00f3\u0142pracy \u2013 do ca\u0142ej grupy tych firm wysy\u0142am zapytanie np.: <\/p>\n\n\n\n<ul class=\"wp-block-list\"><li>1 kontener 40 HQ (czyli kontener wy\u017cszy o 30 cm\nod standardowej 40-stki, przeznaczony dla towar\u00f3w ponadgabarytowych) <\/li><li>na warunkach FOB Shanghai (FOB \u2013 jest to Incoterms\nz grupy F, oznacza \u017ce za\u0142adowca dostarcza towar do portu, w tym przypadku\nShanghaiu, na sw\u00f3j koszt, natomiast ja ponosz\u0119 koszty transportu z portu pod\ndrzwi swojej firmy). <\/li><\/ul>\n\n\n\n<p>I tutaj wchodzi do gry firma spedycyjna, kt\u00f3r\u0105 wybior\u0119\nspo\u015br\u00f3d przys\u0142anych ofert.<\/p>\n\n\n\n<p>Na co zwr\u00f3ci\u0107 uwag\u0119 przy wyborze oferty dotycz\u0105cej wyceny\nfrachtu:<\/p>\n\n\n\n<ul class=\"wp-block-list\"><li>wyceny podawane s\u0105 w kilku walutach , najcz\u0119\u015bciej USD, EUR i PLN<\/li><li><strong>op\u0142ata za fracht<\/strong> \u2013 podawana w USD<\/li><li><strong>op\u0142ata agencyjna<\/strong> \u2013 co\u015b w rodzaju \u201eopieki\u201d nad statkiem \u2013 w USD<\/li><li><strong>THC <\/strong>(Terminal Handling Charge) \u2013 dotyczy op\u0142at za za\u0142adunek i roz\u0142adunek kontenera w porcie \u2013 wycena w EUR \u2013 UWAGA mo\u017ce by\u0107 podana za kontener lub za <\/li><li><strong>ISPS<\/strong> (International Ship &amp; Port Facility Security fee) \u2013 op\u0142ata dotycz\u0105ca podniesienia og\u00f3lnego poziomu bezpiecze\u0144stwa w portach \u2013 wyceniana w EUR<\/li><li><strong>DOC FEE<\/strong> (Op\u0142ata dokumentacyjna) \u2013 pokrywa koszty administracyjne \u2013 podawana w EUR<\/li><\/ul>\n\n\n\n<p>Mo\u017cna przyj\u0105\u0107, \u017ce op\u0142aty w USD nalicza armator, czyli w\u0142a\u015bciciel\nstatku; op\u0142aty w EUR \u2013 naliczane s\u0105 przez sam port, natomiast w PLN otrzymamy\nfaktur\u0119 np. za odpraw\u0119 celn\u0105 \u2013 je\u017celi jest realizowana przez spedycj\u0119 i za\ntransport ko\u0142owy kontenera.<\/p>\n\n\n\n<p>Oczywi\u015bcie nie s\u0105 to jedyne op\u0142aty. Mog\u0105 by\u0107 r\u00f3\u017cne w zale\u017cno\u015bci\nod portu czy kraju z jakiego p\u0142ynie kontener. Zale\u017c\u0105 r\u00f3wnie\u017c od armatora, kt\u00f3ry\nobs\u0142uguje dany fracht. Inne op\u0142aty b\u0119d\u0105 w porcie w Gda\u0144sku, inne w Hamburgu , a\njeszcze inne w Amsterdamie.<\/p>\n\n\n\n<p><strong>Nale\u017cy te\u017c zwr\u00f3ci\u0107 uwag\u0119, czy op\u0142aty podawane s\u0105 per kontener czy per BL<\/strong> (Bill of Lading \u2013 morski list przewozowy). Mo\u017ce by\u0107 tak, \u017ce na jednym BL b\u0119dziemy transportowa\u0107 kilka kontener\u00f3w \u2013 w\u00f3wczas por\u00f3wnuj\u0105c oferty jeden spedytor poda nam ni\u017csz\u0105 stawk\u0119 za DOC FEE per kontener a drugi wy\u017csz\u0105 ale per BL \u2013 w \u0142\u0105cznym podsumowaniu pozornie ta\u0144sza oferta mo\u017ce okaza\u0107 si\u0119 dro\u017csza. <\/p>\n","protected":false},"excerpt":{"rendered":"<p>Ka\u017cdy z nas przynajmniej raz w \u017cyciu widzia\u0142 na w\u0142asne oczy ofert\u0119 handlow\u0105. Nie b\u0119d\u0119 t\u0142umaczy\u0107 czym jest taki dokument. Chcia\u0142am natomiast skupi\u0107 si\u0119 na ofercie handlowej w transporcie morskim.&hellip;<\/p>\n","protected":false},"author":1,"featured_media":97,"comment_status":"open","ping_status":"open","sticky":false,"template":"","format":"standard","meta":{"footnotes":""},"categories":[5],"tags":[16,17,15],"class_list":["post-87","post","type-post","status-publish","format-standard","has-post-thumbnail","hentry","category-blog","tag-fracht","tag-morski","tag-praktyka"],"yoast_head":"<!-- This site is optimized with the Yoast SEO plugin v27.1.1 - https:\/\/yoast.com\/product\/yoast-seo-wordpress\/ -->\n<title>Oferta handlowa na fracht - Pracownia Logistyka<\/title>\n<meta name=\"robots\" content=\"index, follow, max-snippet:-1, max-image-preview:large, max-video-preview:-1\" \/>\n<link rel=\"canonical\" href=\"https:\/\/www.pracownialogistyka.pl\/index.php\/2020\/03\/17\/oferta-handlowa-na-fracht\/\" \/>\n<meta property=\"og:locale\" content=\"pl_PL\" \/>\n<meta property=\"og:type\" content=\"article\" \/>\n<meta property=\"og:title\" content=\"Oferta handlowa na fracht - Pracownia Logistyka\" \/>\n<meta property=\"og:description\" content=\"Ka\u017cdy z nas przynajmniej raz w \u017cyciu widzia\u0142 na w\u0142asne oczy ofert\u0119 handlow\u0105. Nie b\u0119d\u0119 t\u0142umaczy\u0107 czym jest taki dokument. Chcia\u0142am natomiast skupi\u0107 si\u0119 na ofercie handlowej w transporcie morskim.&hellip;\" \/>\n<meta property=\"og:url\" content=\"https:\/\/www.pracownialogistyka.pl\/index.php\/2020\/03\/17\/oferta-handlowa-na-fracht\/\" \/>\n<meta property=\"og:site_name\" content=\"Pracownia Logistyka\" \/>\n<meta property=\"article:published_time\" content=\"2020-03-17T19:54:18+00:00\" \/>\n<meta property=\"article:modified_time\" content=\"2026-03-09T10:40:21+00:00\" \/>\n<meta property=\"og:image\" content=\"https:\/\/www.pracownialogistyka.pl\/wp-content\/uploads\/2020\/03\/container-ship-596083_640.jpg\" \/>\n\t<meta property=\"og:image:width\" content=\"640\" \/>\n\t<meta property=\"og:image:height\" content=\"427\" \/>\n\t<meta property=\"og:image:type\" content=\"image\/jpeg\" \/>\n<meta name=\"author\" content=\"admin\" \/>\n<meta name=\"twitter:card\" content=\"summary_large_image\" \/>\n<meta name=\"twitter:label1\" content=\"Napisane przez\" \/>\n\t<meta name=\"twitter:data1\" content=\"admin\" \/>\n\t<meta name=\"twitter:label2\" content=\"Szacowany czas czytania\" \/>\n\t<meta name=\"twitter:data2\" content=\"2 minuty\" \/>\n<script type=\"application\/ld+json\" class=\"yoast-schema-graph\">{\"@context\":\"https:\/\/schema.org\",\"@graph\":[{\"@type\":\"Article\",\"@id\":\"https:\/\/www.pracownialogistyka.pl\/index.php\/2020\/03\/17\/oferta-handlowa-na-fracht\/#article\",\"isPartOf\":{\"@id\":\"https:\/\/www.pracownialogistyka.pl\/index.php\/2020\/03\/17\/oferta-handlowa-na-fracht\/\"},\"author\":{\"name\":\"admin\",\"@id\":\"https:\/\/www.pracownialogistyka.pl\/#\/schema\/person\/5995fa40e56ff2cea561fec95e83665b\"},\"headline\":\"Oferta handlowa na fracht\",\"datePublished\":\"2020-03-17T19:54:18+00:00\",\"dateModified\":\"2026-03-09T10:40:21+00:00\",\"mainEntityOfPage\":{\"@id\":\"https:\/\/www.pracownialogistyka.pl\/index.php\/2020\/03\/17\/oferta-handlowa-na-fracht\/\"},\"wordCount\":458,\"commentCount\":1,\"publisher\":{\"@id\":\"https:\/\/www.pracownialogistyka.pl\/#organization\"},\"image\":{\"@id\":\"https:\/\/www.pracownialogistyka.pl\/index.php\/2020\/03\/17\/oferta-handlowa-na-fracht\/#primaryimage\"},\"thumbnailUrl\":\"https:\/\/www.pracownialogistyka.pl\/wp-content\/uploads\/2020\/03\/container-ship-596083_640.jpg\",\"keywords\":[\"fracht\",\"morski\",\"praktyka\"],\"articleSection\":[\"Blog\"],\"inLanguage\":\"pl-PL\",\"potentialAction\":[{\"@type\":\"CommentAction\",\"name\":\"Comment\",\"target\":[\"https:\/\/www.pracownialogistyka.pl\/index.php\/2020\/03\/17\/oferta-handlowa-na-fracht\/#respond\"]}]},{\"@type\":\"WebPage\",\"@id\":\"https:\/\/www.pracownialogistyka.pl\/index.php\/2020\/03\/17\/oferta-handlowa-na-fracht\/\",\"url\":\"https:\/\/www.pracownialogistyka.pl\/index.php\/2020\/03\/17\/oferta-handlowa-na-fracht\/\",\"name\":\"Oferta handlowa na fracht - Pracownia Logistyka\",\"isPartOf\":{\"@id\":\"https:\/\/www.pracownialogistyka.pl\/#website\"},\"primaryImageOfPage\":{\"@id\":\"https:\/\/www.pracownialogistyka.pl\/index.php\/2020\/03\/17\/oferta-handlowa-na-fracht\/#primaryimage\"},\"image\":{\"@id\":\"https:\/\/www.pracownialogistyka.pl\/index.php\/2020\/03\/17\/oferta-handlowa-na-fracht\/#primaryimage\"},\"thumbnailUrl\":\"https:\/\/www.pracownialogistyka.pl\/wp-content\/uploads\/2020\/03\/container-ship-596083_640.jpg\",\"datePublished\":\"2020-03-17T19:54:18+00:00\",\"dateModified\":\"2026-03-09T10:40:21+00:00\",\"breadcrumb\":{\"@id\":\"https:\/\/www.pracownialogistyka.pl\/index.php\/2020\/03\/17\/oferta-handlowa-na-fracht\/#breadcrumb\"},\"inLanguage\":\"pl-PL\",\"potentialAction\":[{\"@type\":\"ReadAction\",\"target\":[\"https:\/\/www.pracownialogistyka.pl\/index.php\/2020\/03\/17\/oferta-handlowa-na-fracht\/\"]}]},{\"@type\":\"ImageObject\",\"inLanguage\":\"pl-PL\",\"@id\":\"https:\/\/www.pracownialogistyka.pl\/index.php\/2020\/03\/17\/oferta-handlowa-na-fracht\/#primaryimage\",\"url\":\"https:\/\/www.pracownialogistyka.pl\/wp-content\/uploads\/2020\/03\/container-ship-596083_640.jpg\",\"contentUrl\":\"https:\/\/www.pracownialogistyka.pl\/wp-content\/uploads\/2020\/03\/container-ship-596083_640.jpg\",\"width\":640,\"height\":427,\"caption\":\"port\"},{\"@type\":\"BreadcrumbList\",\"@id\":\"https:\/\/www.pracownialogistyka.pl\/index.php\/2020\/03\/17\/oferta-handlowa-na-fracht\/#breadcrumb\",\"itemListElement\":[{\"@type\":\"ListItem\",\"position\":1,\"name\":\"Strona g\u0142\u00f3wna\",\"item\":\"https:\/\/www.pracownialogistyka.pl\/\"},{\"@type\":\"ListItem\",\"position\":2,\"name\":\"Oferta handlowa na fracht\"}]},{\"@type\":\"WebSite\",\"@id\":\"https:\/\/www.pracownialogistyka.pl\/#website\",\"url\":\"https:\/\/www.pracownialogistyka.pl\/\",\"name\":\"Pracownia Logistyka\",\"description\":\"Doradca ADR | Agent Celny | Logistyka mi\u0119dzynarodowa i import z Azji | Pomagam firmom M\u015aP uporz\u0105dkowa\u0107 procesy transportowe\",\"publisher\":{\"@id\":\"https:\/\/www.pracownialogistyka.pl\/#organization\"},\"potentialAction\":[{\"@type\":\"SearchAction\",\"target\":{\"@type\":\"EntryPoint\",\"urlTemplate\":\"https:\/\/www.pracownialogistyka.pl\/?s={search_term_string}\"},\"query-input\":{\"@type\":\"PropertyValueSpecification\",\"valueRequired\":true,\"valueName\":\"search_term_string\"}}],\"inLanguage\":\"pl-PL\"},{\"@type\":\"Organization\",\"@id\":\"https:\/\/www.pracownialogistyka.pl\/#organization\",\"name\":\"Pracownia Logistyka\",\"url\":\"https:\/\/www.pracownialogistyka.pl\/\",\"logo\":{\"@type\":\"ImageObject\",\"inLanguage\":\"pl-PL\",\"@id\":\"https:\/\/www.pracownialogistyka.pl\/#\/schema\/logo\/image\/\",\"url\":\"https:\/\/www.pracownialogistyka.pl\/wp-content\/uploads\/2020\/07\/PL-logo-150dpi.jpg\",\"contentUrl\":\"https:\/\/www.pracownialogistyka.pl\/wp-content\/uploads\/2020\/07\/PL-logo-150dpi.jpg\",\"width\":742,\"height\":258,\"caption\":\"Pracownia Logistyka\"},\"image\":{\"@id\":\"https:\/\/www.pracownialogistyka.pl\/#\/schema\/logo\/image\/\"}},{\"@type\":\"Person\",\"@id\":\"https:\/\/www.pracownialogistyka.pl\/#\/schema\/person\/5995fa40e56ff2cea561fec95e83665b\",\"name\":\"admin\",\"image\":{\"@type\":\"ImageObject\",\"inLanguage\":\"pl-PL\",\"@id\":\"https:\/\/www.pracownialogistyka.pl\/#\/schema\/person\/image\/\",\"url\":\"https:\/\/secure.gravatar.com\/avatar\/1e0513b03ef88ca6b383967ca526a3cec9288cec478c148883affba27626cae0?s=96&d=mm&r=g\",\"contentUrl\":\"https:\/\/secure.gravatar.com\/avatar\/1e0513b03ef88ca6b383967ca526a3cec9288cec478c148883affba27626cae0?s=96&d=mm&r=g\",\"caption\":\"admin\"},\"url\":\"https:\/\/www.pracownialogistyka.pl\/index.php\/author\/admin\/\"}]}<\/script>\n<!-- \/ Yoast SEO plugin. -->","yoast_head_json":{"title":"Oferta handlowa na fracht - Pracownia Logistyka","robots":{"index":"index","follow":"follow","max-snippet":"max-snippet:-1","max-image-preview":"max-image-preview:large","max-video-preview":"max-video-preview:-1"},"canonical":"https:\/\/www.pracownialogistyka.pl\/index.php\/2020\/03\/17\/oferta-handlowa-na-fracht\/","og_locale":"pl_PL","og_type":"article","og_title":"Oferta handlowa na fracht - Pracownia Logistyka","og_description":"Ka\u017cdy z nas przynajmniej raz w \u017cyciu widzia\u0142 na w\u0142asne oczy ofert\u0119 handlow\u0105. Nie b\u0119d\u0119 t\u0142umaczy\u0107 czym jest taki dokument. Chcia\u0142am natomiast skupi\u0107 si\u0119 na ofercie handlowej w transporcie morskim.&hellip;","og_url":"https:\/\/www.pracownialogistyka.pl\/index.php\/2020\/03\/17\/oferta-handlowa-na-fracht\/","og_site_name":"Pracownia Logistyka","article_published_time":"2020-03-17T19:54:18+00:00","article_modified_time":"2026-03-09T10:40:21+00:00","og_image":[{"width":640,"height":427,"url":"https:\/\/www.pracownialogistyka.pl\/wp-content\/uploads\/2020\/03\/container-ship-596083_640.jpg","type":"image\/jpeg"}],"author":"admin","twitter_card":"summary_large_image","twitter_misc":{"Napisane przez":"admin","Szacowany czas czytania":"2 minuty"},"schema":{"@context":"https:\/\/schema.org","@graph":[{"@type":"Article","@id":"https:\/\/www.pracownialogistyka.pl\/index.php\/2020\/03\/17\/oferta-handlowa-na-fracht\/#article","isPartOf":{"@id":"https:\/\/www.pracownialogistyka.pl\/index.php\/2020\/03\/17\/oferta-handlowa-na-fracht\/"},"author":{"name":"admin","@id":"https:\/\/www.pracownialogistyka.pl\/#\/schema\/person\/5995fa40e56ff2cea561fec95e83665b"},"headline":"Oferta handlowa na fracht","datePublished":"2020-03-17T19:54:18+00:00","dateModified":"2026-03-09T10:40:21+00:00","mainEntityOfPage":{"@id":"https:\/\/www.pracownialogistyka.pl\/index.php\/2020\/03\/17\/oferta-handlowa-na-fracht\/"},"wordCount":458,"commentCount":1,"publisher":{"@id":"https:\/\/www.pracownialogistyka.pl\/#organization"},"image":{"@id":"https:\/\/www.pracownialogistyka.pl\/index.php\/2020\/03\/17\/oferta-handlowa-na-fracht\/#primaryimage"},"thumbnailUrl":"https:\/\/www.pracownialogistyka.pl\/wp-content\/uploads\/2020\/03\/container-ship-596083_640.jpg","keywords":["fracht","morski","praktyka"],"articleSection":["Blog"],"inLanguage":"pl-PL","potentialAction":[{"@type":"CommentAction","name":"Comment","target":["https:\/\/www.pracownialogistyka.pl\/index.php\/2020\/03\/17\/oferta-handlowa-na-fracht\/#respond"]}]},{"@type":"WebPage","@id":"https:\/\/www.pracownialogistyka.pl\/index.php\/2020\/03\/17\/oferta-handlowa-na-fracht\/","url":"https:\/\/www.pracownialogistyka.pl\/index.php\/2020\/03\/17\/oferta-handlowa-na-fracht\/","name":"Oferta handlowa na fracht - Pracownia Logistyka","isPartOf":{"@id":"https:\/\/www.pracownialogistyka.pl\/#website"},"primaryImageOfPage":{"@id":"https:\/\/www.pracownialogistyka.pl\/index.php\/2020\/03\/17\/oferta-handlowa-na-fracht\/#primaryimage"},"image":{"@id":"https:\/\/www.pracownialogistyka.pl\/index.php\/2020\/03\/17\/oferta-handlowa-na-fracht\/#primaryimage"},"thumbnailUrl":"https:\/\/www.pracownialogistyka.pl\/wp-content\/uploads\/2020\/03\/container-ship-596083_640.jpg","datePublished":"2020-03-17T19:54:18+00:00","dateModified":"2026-03-09T10:40:21+00:00","breadcrumb":{"@id":"https:\/\/www.pracownialogistyka.pl\/index.php\/2020\/03\/17\/oferta-handlowa-na-fracht\/#breadcrumb"},"inLanguage":"pl-PL","potentialAction":[{"@type":"ReadAction","target":["https:\/\/www.pracownialogistyka.pl\/index.php\/2020\/03\/17\/oferta-handlowa-na-fracht\/"]}]},{"@type":"ImageObject","inLanguage":"pl-PL","@id":"https:\/\/www.pracownialogistyka.pl\/index.php\/2020\/03\/17\/oferta-handlowa-na-fracht\/#primaryimage","url":"https:\/\/www.pracownialogistyka.pl\/wp-content\/uploads\/2020\/03\/container-ship-596083_640.jpg","contentUrl":"https:\/\/www.pracownialogistyka.pl\/wp-content\/uploads\/2020\/03\/container-ship-596083_640.jpg","width":640,"height":427,"caption":"port"},{"@type":"BreadcrumbList","@id":"https:\/\/www.pracownialogistyka.pl\/index.php\/2020\/03\/17\/oferta-handlowa-na-fracht\/#breadcrumb","itemListElement":[{"@type":"ListItem","position":1,"name":"Strona g\u0142\u00f3wna","item":"https:\/\/www.pracownialogistyka.pl\/"},{"@type":"ListItem","position":2,"name":"Oferta handlowa na fracht"}]},{"@type":"WebSite","@id":"https:\/\/www.pracownialogistyka.pl\/#website","url":"https:\/\/www.pracownialogistyka.pl\/","name":"Pracownia Logistyka","description":"Doradca ADR | Agent Celny | Logistyka mi\u0119dzynarodowa i import z Azji | Pomagam firmom M\u015aP uporz\u0105dkowa\u0107 procesy transportowe","publisher":{"@id":"https:\/\/www.pracownialogistyka.pl\/#organization"},"potentialAction":[{"@type":"SearchAction","target":{"@type":"EntryPoint","urlTemplate":"https:\/\/www.pracownialogistyka.pl\/?s={search_term_string}"},"query-input":{"@type":"PropertyValueSpecification","valueRequired":true,"valueName":"search_term_string"}}],"inLanguage":"pl-PL"},{"@type":"Organization","@id":"https:\/\/www.pracownialogistyka.pl\/#organization","name":"Pracownia Logistyka","url":"https:\/\/www.pracownialogistyka.pl\/","logo":{"@type":"ImageObject","inLanguage":"pl-PL","@id":"https:\/\/www.pracownialogistyka.pl\/#\/schema\/logo\/image\/","url":"https:\/\/www.pracownialogistyka.pl\/wp-content\/uploads\/2020\/07\/PL-logo-150dpi.jpg","contentUrl":"https:\/\/www.pracownialogistyka.pl\/wp-content\/uploads\/2020\/07\/PL-logo-150dpi.jpg","width":742,"height":258,"caption":"Pracownia Logistyka"},"image":{"@id":"https:\/\/www.pracownialogistyka.pl\/#\/schema\/logo\/image\/"}},{"@type":"Person","@id":"https:\/\/www.pracownialogistyka.pl\/#\/schema\/person\/5995fa40e56ff2cea561fec95e83665b","name":"admin","image":{"@type":"ImageObject","inLanguage":"pl-PL","@id":"https:\/\/www.pracownialogistyka.pl\/#\/schema\/person\/image\/","url":"https:\/\/secure.gravatar.com\/avatar\/1e0513b03ef88ca6b383967ca526a3cec9288cec478c148883affba27626cae0?s=96&d=mm&r=g","contentUrl":"https:\/\/secure.gravatar.com\/avatar\/1e0513b03ef88ca6b383967ca526a3cec9288cec478c148883affba27626cae0?s=96&d=mm&r=g","caption":"admin"},"url":"https:\/\/www.pracownialogistyka.pl\/index.php\/author\/admin\/"}]}},"_links":{"self":[{"href":"https:\/\/www.pracownialogistyka.pl\/index.php\/wp-json\/wp\/v2\/posts\/87","targetHints":{"allow":["GET"]}}],"collection":[{"href":"https:\/\/www.pracownialogistyka.pl\/index.php\/wp-json\/wp\/v2\/posts"}],"about":[{"href":"https:\/\/www.pracownialogistyka.pl\/index.php\/wp-json\/wp\/v2\/types\/post"}],"author":[{"embeddable":true,"href":"https:\/\/www.pracownialogistyka.pl\/index.php\/wp-json\/wp\/v2\/users\/1"}],"replies":[{"embeddable":true,"href":"https:\/\/www.pracownialogistyka.pl\/index.php\/wp-json\/wp\/v2\/comments?post=87"}],"version-history":[{"count":4,"href":"https:\/\/www.pracownialogistyka.pl\/index.php\/wp-json\/wp\/v2\/posts\/87\/revisions"}],"predecessor-version":[{"id":198,"href":"https:\/\/www.pracownialogistyka.pl\/index.php\/wp-json\/wp\/v2\/posts\/87\/revisions\/198"}],"wp:featuredmedia":[{"embeddable":true,"href":"https:\/\/www.pracownialogistyka.pl\/index.php\/wp-json\/wp\/v2\/media\/97"}],"wp:attachment":[{"href":"https:\/\/www.pracownialogistyka.pl\/index.php\/wp-json\/wp\/v2\/media?parent=87"}],"wp:term":[{"taxonomy":"category","embeddable":true,"href":"https:\/\/www.pracownialogistyka.pl\/index.php\/wp-json\/wp\/v2\/categories?post=87"},{"taxonomy":"post_tag","embeddable":true,"href":"https:\/\/www.pracownialogistyka.pl\/index.php\/wp-json\/wp\/v2\/tags?post=87"}],"curies":[{"name":"wp","href":"https:\/\/api.w.org\/{rel}","templated":true}]}}