{"id":108,"date":"2020-04-03T17:47:25","date_gmt":"2020-04-03T17:47:25","guid":{"rendered":"http:\/\/www.pracownialogistyka.pl\/?p=108"},"modified":"2026-03-09T10:40:09","modified_gmt":"2026-03-09T10:40:09","slug":"lancuch-a-siec","status":"publish","type":"post","link":"https:\/\/www.pracownialogistyka.pl\/index.php\/2020\/04\/03\/lancuch-a-siec\/","title":{"rendered":"\u0141a\u0144cuch a sie\u0107"},"content":{"rendered":"\n<p>Poprzednio opowiada\u0142am o \u0142a\u0144cuchu logistycznym, czyli potocznie drodze produktu od punktu A do B. <\/p>\n\n\n\n<p>Kiedy jest wi\u0119cej \u0142a\u0144cuch\u00f3w , mamy do czynienia z SIECI\u0104 LOGISTYCZN\u0104<\/p>\n\n\n\n<p>\u0141a\u0144cuch dostaw to, \u201e<strong>sie\u0107 powi\u0105zanych i wsp\u00f3\u0142zale\u017cnych organizacji, kt\u00f3re dzia\u0142aj\u0105c na zasadzie wzajemnej wsp\u00f3\u0142pracy wsp\u00f3lnie kontroluj\u0105, kieruj\u0105 i usprawniaj\u0105 przep\u0142ywy rzeczowe i informacji od dostawc\u00f3w do ostatecznych u\u017cytkownik\u00f3w<\/strong>\u201d &#8211;  Ma<em>rtin Christopher<\/em> <\/p>\n\n\n\n<figure class=\"wp-block-image size-large\"><img fetchpriority=\"high\" decoding=\"async\" width=\"824\" height=\"439\" src=\"https:\/\/www.pracownialogistyka.pl\/wp-content\/uploads\/2020\/04\/\u0142a\u0144cuch-a-sie\u0107.png\" alt=\"\" class=\"wp-image-109\" srcset=\"https:\/\/www.pracownialogistyka.pl\/wp-content\/uploads\/2020\/04\/\u0142a\u0144cuch-a-sie\u0107.png 824w, https:\/\/www.pracownialogistyka.pl\/wp-content\/uploads\/2020\/04\/\u0142a\u0144cuch-a-sie\u0107-300x160.png 300w, https:\/\/www.pracownialogistyka.pl\/wp-content\/uploads\/2020\/04\/\u0142a\u0144cuch-a-sie\u0107-768x409.png 768w, https:\/\/www.pracownialogistyka.pl\/wp-content\/uploads\/2020\/04\/\u0142a\u0144cuch-a-sie\u0107-585x312.png 585w\" sizes=\"(max-width: 824px) 100vw, 824px\" \/><figcaption>\u0141a\u0144cuch dostaw a sie\u0107 dostaw<\/figcaption><\/figure>\n\n\n\n<p>Istnieje kilka warunk\u00f3w, dzi\u0119ki kt\u00f3rym \u0142a\u0144cuch czy te\u017c sie\u0107 oraz zachodz\u0105ce w nich procesy s\u0105 ze sob\u0105 zintegrowane:<\/p>\n\n\n\n<ol class=\"wp-block-list\"><li>wszyscy uczestnicy \u0142a\u0144cucha powinni mie\u0107 dost\u0119p do danych dotycz\u0105cych popytu, prognoz sprzeda\u017cowych, harmonogram\u00f3w produkcji i zam\u00f3wie\u0144 &#8211; oczywi\u015bcie m\u00f3j dostawca nie musi zna\u0107 plan\u00f3w jakie maj\u0105 wytyczone handlowcy, nale\u017cy rozwazie przekazywac takie informacje &#8211; kluczowe dla kluczowego ogniwa w \u0142a\u0144cuchu<\/li><li>poszczeg\u00f3lne ogniwa \u0142a\u0144cucha powinny wsp\u00f3lnie planowa\u0107 i realizowa\u0107 strategie logistyczne, ze szczeg\u00f3\u0142owym uwzgl\u0119dnieniem roli ka\u017cdego ogniwa<\/li><li>uzgodnienie podzia\u0142u ryzyka i ewentualnych korzy\u015bci wyikaj\u0105cych z podejmowania wsp\u00f3lnych przedsi\u0119wzi\u0119\u0107 logistycznych<\/li><li>wyeliminowanie praktyk przenoszenia koszt\u00f3w utrzymywania zapas\u00f3w pomi\u0119dzy ogniwami \u0142a\u0144cucha<\/li><li>kluczem integracji jest ustalenie koordynatora, czyli wskazanie, kt\u00f3re ogniwo b\u0119dzie g\u0142\u00f3wnym innicjatorem oraz kontroluj\u0105cym podejmowane dzia\u0142ania &#8211; prowadzi to do skutecznego wyeliminowania zdublowanych lub zb\u0119dnych dzia\u0142a\u0144 w transporcie i magazynowaniu<\/li><\/ol>\n\n\n\n<p><strong>Przeanalizujmy r\u00f3\u017cnice pomiedzy zarz\u0105dzaniem \u0142a\u0144cuchem logistycznym w ramach jednego przedsi\u0119biorstwa a w ca\u0142ym \u0142a\u0144cuchu:<\/strong><\/p>\n\n\n\n<p class=\"has-small-font-size\"><strong>Zarz\u0105dzanie zapasami<\/strong><br>Indywidualnie w ka\u017cdym ogniwie  <strong>-><\/strong>  Wsp\u00f3lnie dla wszystkich ogniw <br><strong>Kompleksowo\u015b\u0107 koszt\u00f3w logistycznych<\/strong> <br>Minimum w skali firmy  <strong>-> <\/strong> Minimum w skali ca\u0142ego \u0142a\u0144cucha <br><strong>Czas wsp\u00f3\u0142pracy<\/strong> <br>Kr\u00f3tkoterminowy <strong>-><\/strong>  D\u0142ugoterminowy <br><strong>Wymiana informacji<\/strong> <br>Ograniczona do transakcji <strong> -><\/strong>  Globalnie dla planowania i realizacji proces\u00f3w<br><strong>Kontakty<\/strong> <strong>mi\u0119dzy partnerami<\/strong> <br>Kontakt sprzeda\u017cy i zakup\u00f3w do konkretnej transakcji  <strong>-><\/strong>  Kontakt r\u00f3\u017cnych sfer na r\u00f3\u017cnych szczeblach zarz\u0105dzania <br><strong>Wsp\u00f3lne planowanie<\/strong> <br> W odniesieniu do konkretnych transakcji <strong> -><\/strong> Nieustanne, ci\u0105g\u0142e <br><strong>Zgodno\u015b\u0107 kultury przedsi\u0119biorstwa<\/strong> <br>Nieistotna <strong>-> <\/strong> Wa\u017cna dla ka\u017cdego przedsi\u0119biorstwa <br><strong>Kompetencje \u0142a\u0144cucha dostaw<\/strong> <br>Nieistotne <strong>-><\/strong> Wa\u017cne dla wsp\u00f3lnego planowania <br><strong>Ryzyko i szanse<\/strong> <br>Indywidualna odpowiedzialno\u015b\u0107 <strong>-><\/strong> D\u0142ugofalowo mi\u0119dzy przedsi\u0119biorstwami <br><strong>Przep\u0142yw informacji i towar\u00f3w<\/strong> <br>Stosunkowo wolny <strong>-><\/strong> szybko<\/p>\n\n\n\n<p>Czy opisan\u0105 teori\u0119 obserwujecie w praktyce ? Czy \u0142a\u0144cuch dostaw w Waszych firma wykazuje cechy cho\u0107 minimalnego zintegrowania? A mo\u017ce s\u0105 wdro\u017cone procedury post\u0119powania, dzi\u0119ki kt\u00f3rym ca\u0142y proces przebiega sp\u00f3jnie i bez zak\u0142\u00f3ce\u0144 i nie ma potrzeby analizwania czego\u015b co dobrze dzia\u0142a.<\/p>\n\n\n\n<p>Zadanie dla Was &#8211; wzoruj\u0105c si\u0119 na schemacie sieci zamieszczonym powy\u017cej &#8211; spr\u00f3bujcie naszkicowa\u0107 podobny model na podstawie w\u0142asnego lub dobrze znanego Wam przedsi\u0119biorstwa &#8211; mo\u017cecie doj\u015b\u0107 do bardzo ciekawych wniosk\u00f3w, kt\u00f3re jeszcze lepiej wp\u0142yn\u0105\u0142 na integracj\u0119.<\/p>\n","protected":false},"excerpt":{"rendered":"<p>Poprzednio opowiada\u0142am o \u0142a\u0144cuchu logistycznym, czyli potocznie drodze produktu od punktu A do B. Kiedy jest wi\u0119cej \u0142a\u0144cuch\u00f3w , mamy do czynienia z SIECI\u0104 LOGISTYCZN\u0104 \u0141a\u0144cuch dostaw to, \u201esie\u0107 powi\u0105zanych&hellip;<\/p>\n","protected":false},"author":1,"featured_media":116,"comment_status":"open","ping_status":"open","sticky":false,"template":"","format":"standard","meta":{"footnotes":""},"categories":[5],"tags":[26,25,11],"class_list":["post-108","post","type-post","status-publish","format-standard","has-post-thumbnail","hentry","category-blog","tag-lancuch","tag-siec","tag-teoria"],"yoast_head":"<!-- This site is optimized with the Yoast SEO plugin v27.1.1 - https:\/\/yoast.com\/product\/yoast-seo-wordpress\/ -->\n<title>\u0141a\u0144cuch a sie\u0107 - Pracownia Logistyka<\/title>\n<meta name=\"robots\" content=\"index, follow, max-snippet:-1, max-image-preview:large, max-video-preview:-1\" \/>\n<link rel=\"canonical\" href=\"https:\/\/www.pracownialogistyka.pl\/index.php\/2020\/04\/03\/lancuch-a-siec\/\" \/>\n<meta property=\"og:locale\" content=\"pl_PL\" \/>\n<meta property=\"og:type\" content=\"article\" \/>\n<meta property=\"og:title\" content=\"\u0141a\u0144cuch a sie\u0107 - Pracownia Logistyka\" \/>\n<meta property=\"og:description\" content=\"Poprzednio opowiada\u0142am o \u0142a\u0144cuchu logistycznym, czyli potocznie drodze produktu od punktu A do B. Kiedy jest wi\u0119cej \u0142a\u0144cuch\u00f3w , mamy do czynienia z SIECI\u0104 LOGISTYCZN\u0104 \u0141a\u0144cuch dostaw to, \u201esie\u0107 powi\u0105zanych&hellip;\" \/>\n<meta property=\"og:url\" content=\"https:\/\/www.pracownialogistyka.pl\/index.php\/2020\/04\/03\/lancuch-a-siec\/\" \/>\n<meta property=\"og:site_name\" content=\"Pracownia Logistyka\" \/>\n<meta property=\"article:published_time\" content=\"2020-04-03T17:47:25+00:00\" \/>\n<meta property=\"article:modified_time\" content=\"2026-03-09T10:40:09+00:00\" \/>\n<meta property=\"og:image\" content=\"https:\/\/www.pracownialogistyka.pl\/wp-content\/uploads\/2020\/04\/social-371649_640.png\" \/>\n\t<meta property=\"og:image:width\" content=\"640\" \/>\n\t<meta property=\"og:image:height\" content=\"593\" \/>\n\t<meta property=\"og:image:type\" content=\"image\/png\" \/>\n<meta name=\"author\" content=\"admin\" \/>\n<meta name=\"twitter:card\" content=\"summary_large_image\" \/>\n<meta name=\"twitter:label1\" content=\"Napisane przez\" \/>\n\t<meta name=\"twitter:data1\" content=\"admin\" \/>\n\t<meta name=\"twitter:label2\" content=\"Szacowany czas czytania\" \/>\n\t<meta name=\"twitter:data2\" content=\"2 minuty\" \/>\n<script type=\"application\/ld+json\" class=\"yoast-schema-graph\">{\"@context\":\"https:\/\/schema.org\",\"@graph\":[{\"@type\":\"Article\",\"@id\":\"https:\/\/www.pracownialogistyka.pl\/index.php\/2020\/04\/03\/lancuch-a-siec\/#article\",\"isPartOf\":{\"@id\":\"https:\/\/www.pracownialogistyka.pl\/index.php\/2020\/04\/03\/lancuch-a-siec\/\"},\"author\":{\"name\":\"admin\",\"@id\":\"https:\/\/www.pracownialogistyka.pl\/#\/schema\/person\/5995fa40e56ff2cea561fec95e83665b\"},\"headline\":\"\u0141a\u0144cuch a sie\u0107\",\"datePublished\":\"2020-04-03T17:47:25+00:00\",\"dateModified\":\"2026-03-09T10:40:09+00:00\",\"mainEntityOfPage\":{\"@id\":\"https:\/\/www.pracownialogistyka.pl\/index.php\/2020\/04\/03\/lancuch-a-siec\/\"},\"wordCount\":498,\"commentCount\":0,\"publisher\":{\"@id\":\"https:\/\/www.pracownialogistyka.pl\/#organization\"},\"image\":{\"@id\":\"https:\/\/www.pracownialogistyka.pl\/index.php\/2020\/04\/03\/lancuch-a-siec\/#primaryimage\"},\"thumbnailUrl\":\"https:\/\/www.pracownialogistyka.pl\/wp-content\/uploads\/2020\/04\/social-371649_640.png\",\"keywords\":[\"\u0142a\u0144cuch\",\"sie\u0107\",\"teoria\"],\"articleSection\":[\"Blog\"],\"inLanguage\":\"pl-PL\",\"potentialAction\":[{\"@type\":\"CommentAction\",\"name\":\"Comment\",\"target\":[\"https:\/\/www.pracownialogistyka.pl\/index.php\/2020\/04\/03\/lancuch-a-siec\/#respond\"]}]},{\"@type\":\"WebPage\",\"@id\":\"https:\/\/www.pracownialogistyka.pl\/index.php\/2020\/04\/03\/lancuch-a-siec\/\",\"url\":\"https:\/\/www.pracownialogistyka.pl\/index.php\/2020\/04\/03\/lancuch-a-siec\/\",\"name\":\"\u0141a\u0144cuch a sie\u0107 - Pracownia Logistyka\",\"isPartOf\":{\"@id\":\"https:\/\/www.pracownialogistyka.pl\/#website\"},\"primaryImageOfPage\":{\"@id\":\"https:\/\/www.pracownialogistyka.pl\/index.php\/2020\/04\/03\/lancuch-a-siec\/#primaryimage\"},\"image\":{\"@id\":\"https:\/\/www.pracownialogistyka.pl\/index.php\/2020\/04\/03\/lancuch-a-siec\/#primaryimage\"},\"thumbnailUrl\":\"https:\/\/www.pracownialogistyka.pl\/wp-content\/uploads\/2020\/04\/social-371649_640.png\",\"datePublished\":\"2020-04-03T17:47:25+00:00\",\"dateModified\":\"2026-03-09T10:40:09+00:00\",\"breadcrumb\":{\"@id\":\"https:\/\/www.pracownialogistyka.pl\/index.php\/2020\/04\/03\/lancuch-a-siec\/#breadcrumb\"},\"inLanguage\":\"pl-PL\",\"potentialAction\":[{\"@type\":\"ReadAction\",\"target\":[\"https:\/\/www.pracownialogistyka.pl\/index.php\/2020\/04\/03\/lancuch-a-siec\/\"]}]},{\"@type\":\"ImageObject\",\"inLanguage\":\"pl-PL\",\"@id\":\"https:\/\/www.pracownialogistyka.pl\/index.php\/2020\/04\/03\/lancuch-a-siec\/#primaryimage\",\"url\":\"https:\/\/www.pracownialogistyka.pl\/wp-content\/uploads\/2020\/04\/social-371649_640.png\",\"contentUrl\":\"https:\/\/www.pracownialogistyka.pl\/wp-content\/uploads\/2020\/04\/social-371649_640.png\",\"width\":640,\"height\":593},{\"@type\":\"BreadcrumbList\",\"@id\":\"https:\/\/www.pracownialogistyka.pl\/index.php\/2020\/04\/03\/lancuch-a-siec\/#breadcrumb\",\"itemListElement\":[{\"@type\":\"ListItem\",\"position\":1,\"name\":\"Strona g\u0142\u00f3wna\",\"item\":\"https:\/\/www.pracownialogistyka.pl\/\"},{\"@type\":\"ListItem\",\"position\":2,\"name\":\"\u0141a\u0144cuch a sie\u0107\"}]},{\"@type\":\"WebSite\",\"@id\":\"https:\/\/www.pracownialogistyka.pl\/#website\",\"url\":\"https:\/\/www.pracownialogistyka.pl\/\",\"name\":\"Pracownia Logistyka\",\"description\":\"Doradca ADR | Agent Celny | Logistyka mi\u0119dzynarodowa i import z Azji | Pomagam firmom M\u015aP uporz\u0105dkowa\u0107 procesy transportowe\",\"publisher\":{\"@id\":\"https:\/\/www.pracownialogistyka.pl\/#organization\"},\"potentialAction\":[{\"@type\":\"SearchAction\",\"target\":{\"@type\":\"EntryPoint\",\"urlTemplate\":\"https:\/\/www.pracownialogistyka.pl\/?s={search_term_string}\"},\"query-input\":{\"@type\":\"PropertyValueSpecification\",\"valueRequired\":true,\"valueName\":\"search_term_string\"}}],\"inLanguage\":\"pl-PL\"},{\"@type\":\"Organization\",\"@id\":\"https:\/\/www.pracownialogistyka.pl\/#organization\",\"name\":\"Pracownia Logistyka\",\"url\":\"https:\/\/www.pracownialogistyka.pl\/\",\"logo\":{\"@type\":\"ImageObject\",\"inLanguage\":\"pl-PL\",\"@id\":\"https:\/\/www.pracownialogistyka.pl\/#\/schema\/logo\/image\/\",\"url\":\"https:\/\/www.pracownialogistyka.pl\/wp-content\/uploads\/2020\/07\/PL-logo-150dpi.jpg\",\"contentUrl\":\"https:\/\/www.pracownialogistyka.pl\/wp-content\/uploads\/2020\/07\/PL-logo-150dpi.jpg\",\"width\":742,\"height\":258,\"caption\":\"Pracownia Logistyka\"},\"image\":{\"@id\":\"https:\/\/www.pracownialogistyka.pl\/#\/schema\/logo\/image\/\"}},{\"@type\":\"Person\",\"@id\":\"https:\/\/www.pracownialogistyka.pl\/#\/schema\/person\/5995fa40e56ff2cea561fec95e83665b\",\"name\":\"admin\",\"image\":{\"@type\":\"ImageObject\",\"inLanguage\":\"pl-PL\",\"@id\":\"https:\/\/www.pracownialogistyka.pl\/#\/schema\/person\/image\/\",\"url\":\"https:\/\/secure.gravatar.com\/avatar\/1e0513b03ef88ca6b383967ca526a3cec9288cec478c148883affba27626cae0?s=96&d=mm&r=g\",\"contentUrl\":\"https:\/\/secure.gravatar.com\/avatar\/1e0513b03ef88ca6b383967ca526a3cec9288cec478c148883affba27626cae0?s=96&d=mm&r=g\",\"caption\":\"admin\"},\"url\":\"https:\/\/www.pracownialogistyka.pl\/index.php\/author\/admin\/\"}]}<\/script>\n<!-- \/ Yoast SEO plugin. -->","yoast_head_json":{"title":"\u0141a\u0144cuch a sie\u0107 - Pracownia Logistyka","robots":{"index":"index","follow":"follow","max-snippet":"max-snippet:-1","max-image-preview":"max-image-preview:large","max-video-preview":"max-video-preview:-1"},"canonical":"https:\/\/www.pracownialogistyka.pl\/index.php\/2020\/04\/03\/lancuch-a-siec\/","og_locale":"pl_PL","og_type":"article","og_title":"\u0141a\u0144cuch a sie\u0107 - Pracownia Logistyka","og_description":"Poprzednio opowiada\u0142am o \u0142a\u0144cuchu logistycznym, czyli potocznie drodze produktu od punktu A do B. Kiedy jest wi\u0119cej \u0142a\u0144cuch\u00f3w , mamy do czynienia z SIECI\u0104 LOGISTYCZN\u0104 \u0141a\u0144cuch dostaw to, \u201esie\u0107 powi\u0105zanych&hellip;","og_url":"https:\/\/www.pracownialogistyka.pl\/index.php\/2020\/04\/03\/lancuch-a-siec\/","og_site_name":"Pracownia Logistyka","article_published_time":"2020-04-03T17:47:25+00:00","article_modified_time":"2026-03-09T10:40:09+00:00","og_image":[{"width":640,"height":593,"url":"https:\/\/www.pracownialogistyka.pl\/wp-content\/uploads\/2020\/04\/social-371649_640.png","type":"image\/png"}],"author":"admin","twitter_card":"summary_large_image","twitter_misc":{"Napisane przez":"admin","Szacowany czas czytania":"2 minuty"},"schema":{"@context":"https:\/\/schema.org","@graph":[{"@type":"Article","@id":"https:\/\/www.pracownialogistyka.pl\/index.php\/2020\/04\/03\/lancuch-a-siec\/#article","isPartOf":{"@id":"https:\/\/www.pracownialogistyka.pl\/index.php\/2020\/04\/03\/lancuch-a-siec\/"},"author":{"name":"admin","@id":"https:\/\/www.pracownialogistyka.pl\/#\/schema\/person\/5995fa40e56ff2cea561fec95e83665b"},"headline":"\u0141a\u0144cuch a sie\u0107","datePublished":"2020-04-03T17:47:25+00:00","dateModified":"2026-03-09T10:40:09+00:00","mainEntityOfPage":{"@id":"https:\/\/www.pracownialogistyka.pl\/index.php\/2020\/04\/03\/lancuch-a-siec\/"},"wordCount":498,"commentCount":0,"publisher":{"@id":"https:\/\/www.pracownialogistyka.pl\/#organization"},"image":{"@id":"https:\/\/www.pracownialogistyka.pl\/index.php\/2020\/04\/03\/lancuch-a-siec\/#primaryimage"},"thumbnailUrl":"https:\/\/www.pracownialogistyka.pl\/wp-content\/uploads\/2020\/04\/social-371649_640.png","keywords":["\u0142a\u0144cuch","sie\u0107","teoria"],"articleSection":["Blog"],"inLanguage":"pl-PL","potentialAction":[{"@type":"CommentAction","name":"Comment","target":["https:\/\/www.pracownialogistyka.pl\/index.php\/2020\/04\/03\/lancuch-a-siec\/#respond"]}]},{"@type":"WebPage","@id":"https:\/\/www.pracownialogistyka.pl\/index.php\/2020\/04\/03\/lancuch-a-siec\/","url":"https:\/\/www.pracownialogistyka.pl\/index.php\/2020\/04\/03\/lancuch-a-siec\/","name":"\u0141a\u0144cuch a sie\u0107 - Pracownia Logistyka","isPartOf":{"@id":"https:\/\/www.pracownialogistyka.pl\/#website"},"primaryImageOfPage":{"@id":"https:\/\/www.pracownialogistyka.pl\/index.php\/2020\/04\/03\/lancuch-a-siec\/#primaryimage"},"image":{"@id":"https:\/\/www.pracownialogistyka.pl\/index.php\/2020\/04\/03\/lancuch-a-siec\/#primaryimage"},"thumbnailUrl":"https:\/\/www.pracownialogistyka.pl\/wp-content\/uploads\/2020\/04\/social-371649_640.png","datePublished":"2020-04-03T17:47:25+00:00","dateModified":"2026-03-09T10:40:09+00:00","breadcrumb":{"@id":"https:\/\/www.pracownialogistyka.pl\/index.php\/2020\/04\/03\/lancuch-a-siec\/#breadcrumb"},"inLanguage":"pl-PL","potentialAction":[{"@type":"ReadAction","target":["https:\/\/www.pracownialogistyka.pl\/index.php\/2020\/04\/03\/lancuch-a-siec\/"]}]},{"@type":"ImageObject","inLanguage":"pl-PL","@id":"https:\/\/www.pracownialogistyka.pl\/index.php\/2020\/04\/03\/lancuch-a-siec\/#primaryimage","url":"https:\/\/www.pracownialogistyka.pl\/wp-content\/uploads\/2020\/04\/social-371649_640.png","contentUrl":"https:\/\/www.pracownialogistyka.pl\/wp-content\/uploads\/2020\/04\/social-371649_640.png","width":640,"height":593},{"@type":"BreadcrumbList","@id":"https:\/\/www.pracownialogistyka.pl\/index.php\/2020\/04\/03\/lancuch-a-siec\/#breadcrumb","itemListElement":[{"@type":"ListItem","position":1,"name":"Strona g\u0142\u00f3wna","item":"https:\/\/www.pracownialogistyka.pl\/"},{"@type":"ListItem","position":2,"name":"\u0141a\u0144cuch a sie\u0107"}]},{"@type":"WebSite","@id":"https:\/\/www.pracownialogistyka.pl\/#website","url":"https:\/\/www.pracownialogistyka.pl\/","name":"Pracownia Logistyka","description":"Doradca ADR | Agent Celny | Logistyka mi\u0119dzynarodowa i import z Azji | Pomagam firmom M\u015aP uporz\u0105dkowa\u0107 procesy transportowe","publisher":{"@id":"https:\/\/www.pracownialogistyka.pl\/#organization"},"potentialAction":[{"@type":"SearchAction","target":{"@type":"EntryPoint","urlTemplate":"https:\/\/www.pracownialogistyka.pl\/?s={search_term_string}"},"query-input":{"@type":"PropertyValueSpecification","valueRequired":true,"valueName":"search_term_string"}}],"inLanguage":"pl-PL"},{"@type":"Organization","@id":"https:\/\/www.pracownialogistyka.pl\/#organization","name":"Pracownia Logistyka","url":"https:\/\/www.pracownialogistyka.pl\/","logo":{"@type":"ImageObject","inLanguage":"pl-PL","@id":"https:\/\/www.pracownialogistyka.pl\/#\/schema\/logo\/image\/","url":"https:\/\/www.pracownialogistyka.pl\/wp-content\/uploads\/2020\/07\/PL-logo-150dpi.jpg","contentUrl":"https:\/\/www.pracownialogistyka.pl\/wp-content\/uploads\/2020\/07\/PL-logo-150dpi.jpg","width":742,"height":258,"caption":"Pracownia Logistyka"},"image":{"@id":"https:\/\/www.pracownialogistyka.pl\/#\/schema\/logo\/image\/"}},{"@type":"Person","@id":"https:\/\/www.pracownialogistyka.pl\/#\/schema\/person\/5995fa40e56ff2cea561fec95e83665b","name":"admin","image":{"@type":"ImageObject","inLanguage":"pl-PL","@id":"https:\/\/www.pracownialogistyka.pl\/#\/schema\/person\/image\/","url":"https:\/\/secure.gravatar.com\/avatar\/1e0513b03ef88ca6b383967ca526a3cec9288cec478c148883affba27626cae0?s=96&d=mm&r=g","contentUrl":"https:\/\/secure.gravatar.com\/avatar\/1e0513b03ef88ca6b383967ca526a3cec9288cec478c148883affba27626cae0?s=96&d=mm&r=g","caption":"admin"},"url":"https:\/\/www.pracownialogistyka.pl\/index.php\/author\/admin\/"}]}},"_links":{"self":[{"href":"https:\/\/www.pracownialogistyka.pl\/index.php\/wp-json\/wp\/v2\/posts\/108","targetHints":{"allow":["GET"]}}],"collection":[{"href":"https:\/\/www.pracownialogistyka.pl\/index.php\/wp-json\/wp\/v2\/posts"}],"about":[{"href":"https:\/\/www.pracownialogistyka.pl\/index.php\/wp-json\/wp\/v2\/types\/post"}],"author":[{"embeddable":true,"href":"https:\/\/www.pracownialogistyka.pl\/index.php\/wp-json\/wp\/v2\/users\/1"}],"replies":[{"embeddable":true,"href":"https:\/\/www.pracownialogistyka.pl\/index.php\/wp-json\/wp\/v2\/comments?post=108"}],"version-history":[{"count":7,"href":"https:\/\/www.pracownialogistyka.pl\/index.php\/wp-json\/wp\/v2\/posts\/108\/revisions"}],"predecessor-version":[{"id":117,"href":"https:\/\/www.pracownialogistyka.pl\/index.php\/wp-json\/wp\/v2\/posts\/108\/revisions\/117"}],"wp:featuredmedia":[{"embeddable":true,"href":"https:\/\/www.pracownialogistyka.pl\/index.php\/wp-json\/wp\/v2\/media\/116"}],"wp:attachment":[{"href":"https:\/\/www.pracownialogistyka.pl\/index.php\/wp-json\/wp\/v2\/media?parent=108"}],"wp:term":[{"taxonomy":"category","embeddable":true,"href":"https:\/\/www.pracownialogistyka.pl\/index.php\/wp-json\/wp\/v2\/categories?post=108"},{"taxonomy":"post_tag","embeddable":true,"href":"https:\/\/www.pracownialogistyka.pl\/index.php\/wp-json\/wp\/v2\/tags?post=108"}],"curies":[{"name":"wp","href":"https:\/\/api.w.org\/{rel}","templated":true}]}}